{"id":1395,"date":"2024-06-27T10:47:58","date_gmt":"2024-06-27T09:47:58","guid":{"rendered":"https:\/\/lalectora.com\/?p=1395"},"modified":"2024-07-11T12:27:39","modified_gmt":"2024-07-11T11:27:39","slug":"el-libro-de-gloria-fuerte-para-ninas-y-ninos","status":"publish","type":"post","link":"https:\/\/lalectora.com\/en\/el-libro-de-gloria-fuerte-para-ninas-y-ninos\/","title":{"rendered":"El libro de Gloria Fuerte para ni\u00f1as y ni\u00f1os"},"content":{"rendered":"<p>Un libro que recomiendo tener en casa y ojear de vez en cuando, sin necesidad de tener ni\u00f1os, es una obra de <strong>Gloria Fuertes<\/strong>. En <strong>La Lectora<\/strong>, tenemos un batido de fruta con su nombre, y una de las l\u00e1mparas de papel est\u00e1 decorada con sus poemas. Sus escritos son inspiradores, relajantes, y divertidos. Leer sus historias aporta vitalidad y una sensaci\u00f3n de volver a lo b\u00e1sico y lo simple, lo que para m\u00ed resulta relajante, agradable y muy divertido.<\/p>\n\n\n\n<blockquote class=\"wp-block-quote is-layout-flow wp-block-quote-is-layout-flow\">\n<p>Una joya literaria para todas las edades<\/p>\n<\/blockquote>\n\n\n\n<p>La edici\u00f3n que tengo es una especial ilustrada por <strong>Marta Alt\u00e9s<\/strong>, editada por <strong>Jorge de Cascante<\/strong> y acompa\u00f1ada de textos del mismo editor. Esta edici\u00f3n, publicada en <strong>2017<\/strong>, lleg\u00f3 a mis manos como un regalo de una amiga que sab\u00eda que este libro ser\u00eda un compa\u00f1ero perfecto en mi nueva vida en C\u00e1diz. Es una fuente de relax y buenos momentos, ya sea ley\u00e9ndolo o simplemente ojeando sus bonitas y sensibles ilustraciones.<\/p>\n\n\n\n<p>El libro de Gloria Fuertes es un tesoro literario que merece un lugar especial en cualquier hogar. Sus poemas y cuentos no solo est\u00e1n llenos de sabidur\u00eda y humor, sino que tambi\u00e9n nos invitan a detenernos y disfrutar de las peque\u00f1as cosas de la vida. Las ilustraciones de Marta Alt\u00e9s complementan perfectamente los textos, a\u00f1adiendo una capa visual que enriquece a\u00fan m\u00e1s la experiencia de lectura.<\/p>\n\n\n\n<blockquote class=\"wp-block-quote is-layout-flow wp-block-quote-is-layout-flow\">\n<h2 class=\"wp-block-heading\">Un espacio literario donde buscar inspiraci\u00f3n<\/h2>\n<\/blockquote>\n\n\n\n<p>En <strong>La Lectora<\/strong>, Gloria Fuertes no solo est\u00e1 presente en el batido de fruta y las l\u00e1mparas de papel. Su esp\u00edritu de simplicidad, alegr\u00eda y creatividad impregna el ambiente, inspir\u00e1ndonos a ofrecer un espacio donde los libros, el arte y la gastronom\u00eda se unen para crear momentos especiales.<\/p>\n\n\n\n<p>Recomiendo encarecidamente esta edici\u00f3n ilustrada de <strong>El Libro de Gloria Fuertes<\/strong>. Es un libro que puedes disfrutar en cualquier momento, que te har\u00e1 sonre\u00edr, reflexionar y conectar con lo esencial. No importa la edad que tengas, la obra de Gloria Fuertes es una fuente inagotable de inspiraci\u00f3n y alegr\u00eda.<\/p>","protected":false},"excerpt":{"rendered":"<p>Un libro que recomiendo tener en casa y ojear de vez en cuando, sin necesidad de tener ni\u00f1os, es una obra de Gloria Fuertes.<\/p>","protected":false},"author":6,"featured_media":1403,"comment_status":"open","ping_status":"open","sticky":false,"template":"","format":"standard","meta":{"footnotes":""},"categories":[48],"tags":[47,43,44,45,46],"class_list":["post-1395","post","type-post","status-publish","format-standard","has-post-thumbnail","hentry","category-literatura-infantil","tag-cuentos","tag-gloria-fuerte","tag-infantil","tag-marta-altes","tag-poemas"],"yoast_head":"<!-- This site is optimized with the Yoast SEO plugin v26.1.1 - https:\/\/yoast.com\/wordpress\/plugins\/seo\/ -->\n<title>El libro de Gloria Fuerte para ni\u00f1as y ni\u00f1os - La Lectora<\/title>\n<meta name=\"robots\" content=\"index, follow, max-snippet:-1, max-image-preview:large, max-video-preview:-1\" \/>\n<link rel=\"canonical\" href=\"https:\/\/lalectora.com\/en\/el-libro-de-gloria-fuerte-para-ninas-y-ninos\/\" \/>\n<meta property=\"og:locale\" content=\"en_GB\" \/>\n<meta property=\"og:type\" content=\"article\" \/>\n<meta property=\"og:title\" content=\"El libro de Gloria Fuerte para ni\u00f1as y ni\u00f1os - La Lectora\" \/>\n<meta property=\"og:description\" content=\"Un libro que recomiendo tener en casa y ojear de vez en cuando, sin necesidad de tener ni\u00f1os, es una obra de Gloria Fuertes.\" \/>\n<meta property=\"og:url\" content=\"https:\/\/lalectora.com\/en\/el-libro-de-gloria-fuerte-para-ninas-y-ninos\/\" \/>\n<meta property=\"og:site_name\" content=\"La Lectora\" \/>\n<meta property=\"article:publisher\" content=\"https:\/\/www.facebook.com\/lalectoracafeliterario\" \/>\n<meta property=\"article:published_time\" content=\"2024-06-27T09:47:58+00:00\" \/>\n<meta property=\"article:modified_time\" content=\"2024-07-11T11:27:39+00:00\" \/>\n<meta property=\"og:image\" content=\"https:\/\/lalectora.com\/wp-content\/uploads\/2024\/07\/el-libro-de-Gloria-Fuerte-para-ninas-y-ninos.webp\" \/>\n\t<meta property=\"og:image:width\" content=\"1774\" \/>\n\t<meta property=\"og:image:height\" content=\"1181\" \/>\n\t<meta property=\"og:image:type\" content=\"image\/webp\" \/>\n<meta name=\"author\" content=\"Loly Corral\" \/>\n<meta name=\"twitter:card\" content=\"summary_large_image\" \/>\n<meta name=\"twitter:label1\" content=\"Written by\" \/>\n\t<meta name=\"twitter:data1\" content=\"Loly Corral\" \/>\n\t<meta name=\"twitter:label2\" content=\"Estimated reading time\" \/>\n\t<meta name=\"twitter:data2\" content=\"2 minutes\" \/>\n<script type=\"application\/ld+json\" class=\"yoast-schema-graph\">{\"@context\":\"https:\/\/schema.org\",\"@graph\":[{\"@type\":\"Article\",\"@id\":\"https:\/\/lalectora.com\/el-libro-de-gloria-fuerte-para-ninas-y-ninos\/#article\",\"isPartOf\":{\"@id\":\"https:\/\/lalectora.com\/el-libro-de-gloria-fuerte-para-ninas-y-ninos\/\"},\"author\":{\"name\":\"Loly Corral\",\"@id\":\"https:\/\/lalectora.com\/#\/schema\/person\/e0016df463ed9aa9ea3825ecf52e2794\"},\"headline\":\"El libro de Gloria Fuerte para ni\u00f1as y ni\u00f1os\",\"datePublished\":\"2024-06-27T09:47:58+00:00\",\"dateModified\":\"2024-07-11T11:27:39+00:00\",\"mainEntityOfPage\":{\"@id\":\"https:\/\/lalectora.com\/el-libro-de-gloria-fuerte-para-ninas-y-ninos\/\"},\"wordCount\":369,\"commentCount\":0,\"publisher\":{\"@id\":\"https:\/\/lalectora.com\/#organization\"},\"image\":{\"@id\":\"https:\/\/lalectora.com\/el-libro-de-gloria-fuerte-para-ninas-y-ninos\/#primaryimage\"},\"thumbnailUrl\":\"https:\/\/lalectora.com\/wp-content\/uploads\/2024\/07\/el-libro-de-Gloria-Fuerte-para-ninas-y-ninos.webp\",\"keywords\":[\"Cuentos\",\"Gloria fuerte\",\"Infantil\",\"Marta Alt\u00e9s\",\"Poemas\"],\"articleSection\":[\"Literatura infantil\"],\"inLanguage\":\"en-GB\",\"potentialAction\":[{\"@type\":\"CommentAction\",\"name\":\"Comment\",\"target\":[\"https:\/\/lalectora.com\/el-libro-de-gloria-fuerte-para-ninas-y-ninos\/#respond\"]}]},{\"@type\":\"WebPage\",\"@id\":\"https:\/\/lalectora.com\/el-libro-de-gloria-fuerte-para-ninas-y-ninos\/\",\"url\":\"https:\/\/lalectora.com\/el-libro-de-gloria-fuerte-para-ninas-y-ninos\/\",\"name\":\"El libro de Gloria Fuerte para ni\u00f1as y ni\u00f1os - La Lectora\",\"isPartOf\":{\"@id\":\"https:\/\/lalectora.com\/#website\"},\"primaryImageOfPage\":{\"@id\":\"https:\/\/lalectora.com\/el-libro-de-gloria-fuerte-para-ninas-y-ninos\/#primaryimage\"},\"image\":{\"@id\":\"https:\/\/lalectora.com\/el-libro-de-gloria-fuerte-para-ninas-y-ninos\/#primaryimage\"},\"thumbnailUrl\":\"https:\/\/lalectora.com\/wp-content\/uploads\/2024\/07\/el-libro-de-Gloria-Fuerte-para-ninas-y-ninos.webp\",\"datePublished\":\"2024-06-27T09:47:58+00:00\",\"dateModified\":\"2024-07-11T11:27:39+00:00\",\"breadcrumb\":{\"@id\":\"https:\/\/lalectora.com\/el-libro-de-gloria-fuerte-para-ninas-y-ninos\/#breadcrumb\"},\"inLanguage\":\"en-GB\",\"potentialAction\":[{\"@type\":\"ReadAction\",\"target\":[\"https:\/\/lalectora.com\/el-libro-de-gloria-fuerte-para-ninas-y-ninos\/\"]}]},{\"@type\":\"ImageObject\",\"inLanguage\":\"en-GB\",\"@id\":\"https:\/\/lalectora.com\/el-libro-de-gloria-fuerte-para-ninas-y-ninos\/#primaryimage\",\"url\":\"https:\/\/lalectora.com\/wp-content\/uploads\/2024\/07\/el-libro-de-Gloria-Fuerte-para-ninas-y-ninos.webp\",\"contentUrl\":\"https:\/\/lalectora.com\/wp-content\/uploads\/2024\/07\/el-libro-de-Gloria-Fuerte-para-ninas-y-ninos.webp\",\"width\":1774,\"height\":1181,\"caption\":\"el libro de Gloria Fuerte para ni\u00f1as y ni\u00f1os\"},{\"@type\":\"BreadcrumbList\",\"@id\":\"https:\/\/lalectora.com\/el-libro-de-gloria-fuerte-para-ninas-y-ninos\/#breadcrumb\",\"itemListElement\":[{\"@type\":\"ListItem\",\"position\":1,\"name\":\"Portada\",\"item\":\"https:\/\/lalectora.com\/\"},{\"@type\":\"ListItem\",\"position\":2,\"name\":\"El libro de Gloria Fuerte para ni\u00f1as y ni\u00f1os\"}]},{\"@type\":\"WebSite\",\"@id\":\"https:\/\/lalectora.com\/#website\",\"url\":\"https:\/\/lalectora.com\/\",\"name\":\"La Lectora\",\"description\":\"Cafeter\u00eda en C\u00e1diz\",\"publisher\":{\"@id\":\"https:\/\/lalectora.com\/#organization\"},\"potentialAction\":[{\"@type\":\"SearchAction\",\"target\":{\"@type\":\"EntryPoint\",\"urlTemplate\":\"https:\/\/lalectora.com\/?s={search_term_string}\"},\"query-input\":{\"@type\":\"PropertyValueSpecification\",\"valueRequired\":true,\"valueName\":\"search_term_string\"}}],\"inLanguage\":\"en-GB\"},{\"@type\":\"Organization\",\"@id\":\"https:\/\/lalectora.com\/#organization\",\"name\":\"La Lectora cafeter\u00eda literaria\",\"url\":\"https:\/\/lalectora.com\/\",\"logo\":{\"@type\":\"ImageObject\",\"inLanguage\":\"en-GB\",\"@id\":\"https:\/\/lalectora.com\/#\/schema\/logo\/image\/\",\"url\":\"https:\/\/lalectora.com\/wp-content\/uploads\/2023\/02\/lalectora-logo.png\",\"contentUrl\":\"https:\/\/lalectora.com\/wp-content\/uploads\/2023\/02\/lalectora-logo.png\",\"width\":462,\"height\":91,\"caption\":\"La Lectora cafeter\u00eda literaria\"},\"image\":{\"@id\":\"https:\/\/lalectora.com\/#\/schema\/logo\/image\/\"},\"sameAs\":[\"https:\/\/www.facebook.com\/lalectoracafeliterario\",\"https:\/\/www.instagram.com\/lalectoracadiz\/\"]},{\"@type\":\"Person\",\"@id\":\"https:\/\/lalectora.com\/#\/schema\/person\/e0016df463ed9aa9ea3825ecf52e2794\",\"name\":\"Loly Corral\",\"image\":{\"@type\":\"ImageObject\",\"inLanguage\":\"en-GB\",\"@id\":\"https:\/\/lalectora.com\/#\/schema\/person\/image\/\",\"url\":\"https:\/\/secure.gravatar.com\/avatar\/7a65445669718171d098be9ccc76eb2815e2047ffb3feaead542816354499944?s=96&d=mm&r=g\",\"contentUrl\":\"https:\/\/secure.gravatar.com\/avatar\/7a65445669718171d098be9ccc76eb2815e2047ffb3feaead542816354499944?s=96&d=mm&r=g\",\"caption\":\"Loly Corral\"},\"url\":\"https:\/\/lalectora.com\/en\/author\/lolycorral24\/\"}]}<\/script>\n<!-- \/ Yoast SEO plugin. -->","yoast_head_json":{"title":"El libro de Gloria Fuerte para ni\u00f1as y ni\u00f1os - La Lectora","robots":{"index":"index","follow":"follow","max-snippet":"max-snippet:-1","max-image-preview":"max-image-preview:large","max-video-preview":"max-video-preview:-1"},"canonical":"https:\/\/lalectora.com\/en\/el-libro-de-gloria-fuerte-para-ninas-y-ninos\/","og_locale":"en_GB","og_type":"article","og_title":"El libro de Gloria Fuerte para ni\u00f1as y ni\u00f1os - La Lectora","og_description":"Un libro que recomiendo tener en casa y ojear de vez en cuando, sin necesidad de tener ni\u00f1os, es una obra de Gloria Fuertes.","og_url":"https:\/\/lalectora.com\/en\/el-libro-de-gloria-fuerte-para-ninas-y-ninos\/","og_site_name":"La Lectora","article_publisher":"https:\/\/www.facebook.com\/lalectoracafeliterario","article_published_time":"2024-06-27T09:47:58+00:00","article_modified_time":"2024-07-11T11:27:39+00:00","og_image":[{"width":1774,"height":1181,"url":"https:\/\/lalectora.com\/wp-content\/uploads\/2024\/07\/el-libro-de-Gloria-Fuerte-para-ninas-y-ninos.webp","type":"image\/webp"}],"author":"Loly Corral","twitter_card":"summary_large_image","twitter_misc":{"Written by":"Loly Corral","Estimated reading time":"2 minutes"},"schema":{"@context":"https:\/\/schema.org","@graph":[{"@type":"Article","@id":"https:\/\/lalectora.com\/el-libro-de-gloria-fuerte-para-ninas-y-ninos\/#article","isPartOf":{"@id":"https:\/\/lalectora.com\/el-libro-de-gloria-fuerte-para-ninas-y-ninos\/"},"author":{"name":"Loly Corral","@id":"https:\/\/lalectora.com\/#\/schema\/person\/e0016df463ed9aa9ea3825ecf52e2794"},"headline":"El libro de Gloria Fuerte para ni\u00f1as y ni\u00f1os","datePublished":"2024-06-27T09:47:58+00:00","dateModified":"2024-07-11T11:27:39+00:00","mainEntityOfPage":{"@id":"https:\/\/lalectora.com\/el-libro-de-gloria-fuerte-para-ninas-y-ninos\/"},"wordCount":369,"commentCount":0,"publisher":{"@id":"https:\/\/lalectora.com\/#organization"},"image":{"@id":"https:\/\/lalectora.com\/el-libro-de-gloria-fuerte-para-ninas-y-ninos\/#primaryimage"},"thumbnailUrl":"https:\/\/lalectora.com\/wp-content\/uploads\/2024\/07\/el-libro-de-Gloria-Fuerte-para-ninas-y-ninos.webp","keywords":["Cuentos","Gloria fuerte","Infantil","Marta Alt\u00e9s","Poemas"],"articleSection":["Literatura infantil"],"inLanguage":"en-GB","potentialAction":[{"@type":"CommentAction","name":"Comment","target":["https:\/\/lalectora.com\/el-libro-de-gloria-fuerte-para-ninas-y-ninos\/#respond"]}]},{"@type":"WebPage","@id":"https:\/\/lalectora.com\/el-libro-de-gloria-fuerte-para-ninas-y-ninos\/","url":"https:\/\/lalectora.com\/el-libro-de-gloria-fuerte-para-ninas-y-ninos\/","name":"El libro de Gloria Fuerte para ni\u00f1as y ni\u00f1os - La Lectora","isPartOf":{"@id":"https:\/\/lalectora.com\/#website"},"primaryImageOfPage":{"@id":"https:\/\/lalectora.com\/el-libro-de-gloria-fuerte-para-ninas-y-ninos\/#primaryimage"},"image":{"@id":"https:\/\/lalectora.com\/el-libro-de-gloria-fuerte-para-ninas-y-ninos\/#primaryimage"},"thumbnailUrl":"https:\/\/lalectora.com\/wp-content\/uploads\/2024\/07\/el-libro-de-Gloria-Fuerte-para-ninas-y-ninos.webp","datePublished":"2024-06-27T09:47:58+00:00","dateModified":"2024-07-11T11:27:39+00:00","breadcrumb":{"@id":"https:\/\/lalectora.com\/el-libro-de-gloria-fuerte-para-ninas-y-ninos\/#breadcrumb"},"inLanguage":"en-GB","potentialAction":[{"@type":"ReadAction","target":["https:\/\/lalectora.com\/el-libro-de-gloria-fuerte-para-ninas-y-ninos\/"]}]},{"@type":"ImageObject","inLanguage":"en-GB","@id":"https:\/\/lalectora.com\/el-libro-de-gloria-fuerte-para-ninas-y-ninos\/#primaryimage","url":"https:\/\/lalectora.com\/wp-content\/uploads\/2024\/07\/el-libro-de-Gloria-Fuerte-para-ninas-y-ninos.webp","contentUrl":"https:\/\/lalectora.com\/wp-content\/uploads\/2024\/07\/el-libro-de-Gloria-Fuerte-para-ninas-y-ninos.webp","width":1774,"height":1181,"caption":"el libro de Gloria Fuerte para ni\u00f1as y ni\u00f1os"},{"@type":"BreadcrumbList","@id":"https:\/\/lalectora.com\/el-libro-de-gloria-fuerte-para-ninas-y-ninos\/#breadcrumb","itemListElement":[{"@type":"ListItem","position":1,"name":"Portada","item":"https:\/\/lalectora.com\/"},{"@type":"ListItem","position":2,"name":"El libro de Gloria Fuerte para ni\u00f1as y ni\u00f1os"}]},{"@type":"WebSite","@id":"https:\/\/lalectora.com\/#website","url":"https:\/\/lalectora.com\/","name":"La Lectora","description":"Cafeter\u00eda en C\u00e1diz","publisher":{"@id":"https:\/\/lalectora.com\/#organization"},"potentialAction":[{"@type":"SearchAction","target":{"@type":"EntryPoint","urlTemplate":"https:\/\/lalectora.com\/?s={search_term_string}"},"query-input":{"@type":"PropertyValueSpecification","valueRequired":true,"valueName":"search_term_string"}}],"inLanguage":"en-GB"},{"@type":"Organization","@id":"https:\/\/lalectora.com\/#organization","name":"La Lectora cafeter\u00eda literaria","url":"https:\/\/lalectora.com\/","logo":{"@type":"ImageObject","inLanguage":"en-GB","@id":"https:\/\/lalectora.com\/#\/schema\/logo\/image\/","url":"https:\/\/lalectora.com\/wp-content\/uploads\/2023\/02\/lalectora-logo.png","contentUrl":"https:\/\/lalectora.com\/wp-content\/uploads\/2023\/02\/lalectora-logo.png","width":462,"height":91,"caption":"La Lectora cafeter\u00eda literaria"},"image":{"@id":"https:\/\/lalectora.com\/#\/schema\/logo\/image\/"},"sameAs":["https:\/\/www.facebook.com\/lalectoracafeliterario","https:\/\/www.instagram.com\/lalectoracadiz\/"]},{"@type":"Person","@id":"https:\/\/lalectora.com\/#\/schema\/person\/e0016df463ed9aa9ea3825ecf52e2794","name":"Loly Corral","image":{"@type":"ImageObject","inLanguage":"en-GB","@id":"https:\/\/lalectora.com\/#\/schema\/person\/image\/","url":"https:\/\/secure.gravatar.com\/avatar\/7a65445669718171d098be9ccc76eb2815e2047ffb3feaead542816354499944?s=96&d=mm&r=g","contentUrl":"https:\/\/secure.gravatar.com\/avatar\/7a65445669718171d098be9ccc76eb2815e2047ffb3feaead542816354499944?s=96&d=mm&r=g","caption":"Loly Corral"},"url":"https:\/\/lalectora.com\/en\/author\/lolycorral24\/"}]}},"_links":{"self":[{"href":"https:\/\/lalectora.com\/en\/wp-json\/wp\/v2\/posts\/1395","targetHints":{"allow":["GET"]}}],"collection":[{"href":"https:\/\/lalectora.com\/en\/wp-json\/wp\/v2\/posts"}],"about":[{"href":"https:\/\/lalectora.com\/en\/wp-json\/wp\/v2\/types\/post"}],"author":[{"embeddable":true,"href":"https:\/\/lalectora.com\/en\/wp-json\/wp\/v2\/users\/6"}],"replies":[{"embeddable":true,"href":"https:\/\/lalectora.com\/en\/wp-json\/wp\/v2\/comments?post=1395"}],"version-history":[{"count":3,"href":"https:\/\/lalectora.com\/en\/wp-json\/wp\/v2\/posts\/1395\/revisions"}],"predecessor-version":[{"id":1434,"href":"https:\/\/lalectora.com\/en\/wp-json\/wp\/v2\/posts\/1395\/revisions\/1434"}],"wp:featuredmedia":[{"embeddable":true,"href":"https:\/\/lalectora.com\/en\/wp-json\/wp\/v2\/media\/1403"}],"wp:attachment":[{"href":"https:\/\/lalectora.com\/en\/wp-json\/wp\/v2\/media?parent=1395"}],"wp:term":[{"taxonomy":"category","embeddable":true,"href":"https:\/\/lalectora.com\/en\/wp-json\/wp\/v2\/categories?post=1395"},{"taxonomy":"post_tag","embeddable":true,"href":"https:\/\/lalectora.com\/en\/wp-json\/wp\/v2\/tags?post=1395"}],"curies":[{"name":"wp","href":"https:\/\/api.w.org\/{rel}","templated":true}]}}